[{"@context":"https:\/\/schema.org\/","@type":"Article","@id":"https:\/\/www.ilonaf.cz\/jak-na-letni-modu\/#Article","mainEntityOfPage":"https:\/\/www.ilonaf.cz\/jak-na-letni-modu\/","headline":"Jak na letn\u00ed m\u00f3du","name":"Jak na letn\u00ed m\u00f3du","description":"Ka\u017ed\u00e1 sez\u00f3na a ka\u017ed\u00fd nov\u00fd rok znamen\u00e1 pro m\u00f3du nov\u00fd trend. N\u011bkoho nakupov\u00e1n\u00ed oble\u010den\u00ed bav\u00ed a zam\u011b\u0159uj\u00ed se na \u017ehav\u00e9 novinky a jsou m\u00f3dou t\u00e9m\u011b\u0159 posedl\u00ed. Jin\u00e9ho zas vym\u00fd\u0161let neust\u00e1le co na sebe tolik nebere a t\u0159eba se ani v\u00a0m\u00f3d\u011b neorientuje, a p\u0159esto chce vypadat stylov\u011b. Nic z\u00e1ludn\u00e9ho to v\u0161ak nen\u00ed, v\u00a0ka\u017ed\u00e9m p\u0159\u00edpad\u011b v\u017edy vynikne vlastn\u00ed kreativita, kter\u00e1 se i [&hellip;]","datePublished":"2019-08-16","dateModified":"2023-05-01","author":{"@type":"Person","@id":"https:\/\/www.ilonaf.cz\/author\/devene\/#Person","name":"devene","url":"https:\/\/www.ilonaf.cz\/author\/devene\/","identifier":1,"image":{"@type":"ImageObject","@id":"https:\/\/secure.gravatar.com\/avatar\/1fd5b20daa9a47a1102459a7c733d369075d8cc724ab489feb8ed72c657d346e?s=96&d=mm&r=g","url":"https:\/\/secure.gravatar.com\/avatar\/1fd5b20daa9a47a1102459a7c733d369075d8cc724ab489feb8ed72c657d346e?s=96&d=mm&r=g","height":96,"width":96}},"publisher":{"@type":"Organization","name":"ilonaf.cz","logo":{"@type":"ImageObject","@id":"\/logo.png","url":"\/logo.png","width":600,"height":60}},"image":{"@type":"ImageObject","@id":"https:\/\/www.ilonaf.cz\/wp-content\/uploads\/img_a353867_w3750_t1568459110.jpg","url":"https:\/\/www.ilonaf.cz\/wp-content\/uploads\/img_a353867_w3750_t1568459110.jpg","height":0,"width":0},"url":"https:\/\/www.ilonaf.cz\/jak-na-letni-modu\/","about":["M\u00f3da"],"wordCount":473,"articleBody":"Ka\u017ed\u00e1 sez\u00f3na a ka\u017ed\u00fd nov\u00fd rok znamen\u00e1 pro m\u00f3du nov\u00fd trend. N\u011bkoho nakupov\u00e1n\u00ed oble\u010den\u00ed bav\u00ed a zam\u011b\u0159uj\u00ed se na \u017ehav\u00e9 novinky a jsou m\u00f3dou t\u00e9m\u011b\u0159 posedl\u00ed. Jin\u00e9ho zas vym\u00fd\u0161let neust\u00e1le co na sebe tolik nebere a t\u0159eba se ani v\u00a0m\u00f3d\u011b neorientuje, a p\u0159esto chce vypadat stylov\u011b. Nic z\u00e1ludn\u00e9ho to v\u0161ak nen\u00ed, v\u00a0ka\u017ed\u00e9m p\u0159\u00edpad\u011b v\u017edy vynikne vlastn\u00ed kreativita, kter\u00e1 se i v\u00a0m\u00f3d\u011b velmi oce\u0148uje. Ka\u017edop\u00e1dn\u011b to chce chv\u00edli pop\u0159em\u00fd\u0161let a spr\u00e1vn\u011b se sladit, ne\u017e n\u011bkam vyjdete.\tVesel\u00e9 letn\u00ed barvy a t\u00f3ny vedou!\tNebojte se j\u00edt do pestr\u00e9 barvy oble\u010den\u00ed i dopl\u0148k\u016f. Rozhodn\u011b nen\u00ed tabu \u017elut\u00e1, r\u016f\u017eov\u00e1 nebo sv\u011btle zelen\u00e1 barva, kter\u00e9 vyniknou nap\u0159\u00edklad na pouzdrov\u00e9 sukni \u010di halence nebo lehk\u00e9m letn\u00edm saku. Rozhodn\u011b nic nezkaz\u00edte letn\u00edmi vzory, mezi kter\u00fdmi fr\u010d\u00ed okv\u011btn\u00ed l\u00edstky, mu\u0161le nebo pt\u00e1ci, ale st\u00e1le \u201ein\u201c jsou tak\u00e9 punt\u00edky, kter\u00e9 se budou vyj\u00edmat na del\u0161\u00edch lehk\u00fdch \u0161atech.\t\tK\u00a0t\u011bmto kombinac\u00edm se budou hodit otev\u0159en\u00e9 boty s\u00a0p\u00e1skem t\u0159eba na kl\u00ednku nebo na n\u00edzk\u00e9m podpatku. Co se t\u00fd\u010de drobn\u00fdch dopl\u0148k\u016f, skv\u011blou ozdobou jsou ma\u0161li\u010dky do vlas\u016f slad\u011bn\u00e9 s\u00a0barvou va\u0161eho topu. K p\u011bkn\u00e9mu \u00fa\u010desu se tak\u00e9 hod\u00ed stylov\u00e9 n\u00e1u\u0161nice, kter\u00e9 k\u00a0l\u00e9tu neodmysliteln\u011b pat\u0159\u00ed. Mohou to b\u00fdt op\u011bt letn\u00ed motivy, v\u00a0kurzu jsou nap\u0159\u00edklad plame\u0148\u00e1ci. M\u016f\u017eete samoz\u0159ejm\u011b vybrat i jin\u00e9 n\u00e1u\u0161nice a dopl\u0148ky, kter\u00e9 nemus\u00ed b\u00fdt p\u0159\u00edli\u0161 p\u0159ehnan\u00e9 a budou p\u016fsobit le\u017e\u00e9rn\u011b.\tTabu jsou nyn\u00ed riflov\u00e9 sukn\u011b nebo k\u0161andy. Riflov\u00e9 \u0161aty nebo bunda jsou ale st\u00e1le v\u00a0kurzu, ov\u0161em tak\u00e9 ne pro v\u0161echny p\u0159\u00edle\u017eitosti. Neslu\u0161\u00ed se tak\u00e9 nosit \u017eabky, pokud se chyst\u00e1te do spole\u010dnosti. Pozor si dejte tak\u00e9 na t\u00edlka, kter\u00e1 se nehod\u00ed pro ka\u017edou p\u0159\u00edle\u017eitost. V\u017edy je v\u00edce slu\u0161iv\u00e1 ko\u0161ile, kter\u00e1 m\u016f\u017ee b\u00fdt p\u0159ehozena p\u0159es kr\u00e1tk\u00e9 t\u00edlko.\tNebojte se trochu zapojit vlastn\u00ed fantazii i trochu experimentovat s\u00a0dopl\u0148ky. Pokud v\u0161e hezky slad\u00edte a nebudete vypadat p\u0159\u00edli\u0161 extravagantn\u011b, m\u016f\u017eete j\u00edt s\u00a0dne\u0161n\u00ed m\u00f3dou ruku v\u00a0ruce. Sledujte m\u00f3dn\u00ed \u010dasopisy a nechte se inspirovat i celebritami. P\u011bkn\u00e9 kousky nemus\u00edte sehnat hned draze, chce to v\u0161ak pe\u010dliv\u011b se v\u011bnovat v\u00fdb\u011bru a n\u00e1kup\u016fm. U obl\u00e9k\u00e1n\u00ed to chce v\u017edy pop\u0159em\u00fd\u0161let, co k \u010demu nosit, abyste vypadali v\u017edy vkusn\u011b.                                                                                                                                                                                                                                                                                                                                                                                        4.4\/5 - (10 votes)        "},{"@context":"https:\/\/schema.org\/","@type":"BreadcrumbList","itemListElement":[{"@type":"ListItem","position":1,"name":"Jak na letn\u00ed m\u00f3du","item":"https:\/\/www.ilonaf.cz\/jak-na-letni-modu\/#breadcrumbitem"}]}]