[{"@context":"https:\/\/schema.org\/","@type":"Article","@id":"https:\/\/www.ilonaf.cz\/korely-nejsou-pro-kazdeho\/#Article","mainEntityOfPage":"https:\/\/www.ilonaf.cz\/korely-nejsou-pro-kazdeho\/","headline":"Korely nejsou pro ka\u017ed\u00e9ho","name":"Korely nejsou pro ka\u017ed\u00e9ho","description":"1. Pt\u00e1ci tak\u00e9 pot\u0159ebuj\u00ed fyzickou stimulaci. N\u011bkte\u0159\u00ed lid\u00e9 kupuj\u00ed pt\u00e1ky, proto\u017ee v jejich o\u010d\u00edch je p\u00e9\u010de o n\u011b jednodu\u0161\u0161\u00ed ne\u017e o ko\u010dku nebo psa. Pes pot\u0159ebuje chodit ven a m\u00edt dostatek pohybu, ko\u010dka pot\u0159ebuje sv\u016fj prostor a pt\u00e1\u010dci jen sed\u011bt v kleci, ne? \u0160patn\u011b! Pt\u00e1ci norm\u00e1ln\u011b l\u00e9taj\u00ed, tak \u017eij\u00ed ve voln\u00e9 p\u0159\u00edrod\u011b. A korela, i kdy\u017e je to mal\u00fd pt\u00e1\u010dek, [&hellip;]","datePublished":"2022-08-16","dateModified":"2023-05-01","author":{"@type":"Person","@id":"https:\/\/www.ilonaf.cz\/author\/devene\/#Person","name":"devene","url":"https:\/\/www.ilonaf.cz\/author\/devene\/","identifier":1,"image":{"@type":"ImageObject","@id":"https:\/\/secure.gravatar.com\/avatar\/1fd5b20daa9a47a1102459a7c733d369075d8cc724ab489feb8ed72c657d346e?s=96&d=mm&r=g","url":"https:\/\/secure.gravatar.com\/avatar\/1fd5b20daa9a47a1102459a7c733d369075d8cc724ab489feb8ed72c657d346e?s=96&d=mm&r=g","height":96,"width":96}},"publisher":{"@type":"Organization","name":"ilonaf.cz","logo":{"@type":"ImageObject","@id":"\/logo.png","url":"\/logo.png","width":600,"height":60}},"image":{"@type":"ImageObject","@id":"https:\/\/www.ilonaf.cz\/wp-content\/uploads\/cockatiel-1213758_960_720.jpg","url":"https:\/\/www.ilonaf.cz\/wp-content\/uploads\/cockatiel-1213758_960_720.jpg","height":0,"width":0},"url":"https:\/\/www.ilonaf.cz\/korely-nejsou-pro-kazdeho\/","about":["Zv\u00ed\u0159ata"],"wordCount":487,"articleBody":"1. Pt\u00e1ci tak\u00e9 pot\u0159ebuj\u00ed fyzickou stimulaci.N\u011bkte\u0159\u00ed lid\u00e9 kupuj\u00ed pt\u00e1ky, proto\u017ee v jejich o\u010d\u00edch je p\u00e9\u010de o n\u011b jednodu\u0161\u0161\u00ed ne\u017e o ko\u010dku nebo psa. Pes pot\u0159ebuje chodit ven a m\u00edt dostatek pohybu, ko\u010dka pot\u0159ebuje sv\u016fj prostor a pt\u00e1\u010dci jen sed\u011bt v kleci, ne?\u0160patn\u011b! Pt\u00e1ci norm\u00e1ln\u011b l\u00e9taj\u00ed, tak \u017eij\u00ed ve voln\u00e9 p\u0159\u00edrod\u011b. A korela, i kdy\u017e je to mal\u00fd pt\u00e1\u010dek, bude pot\u0159ebovat dostatek pohybu. To znamen\u00e1, \u017ee pot\u0159ebuje prostornou klec a ka\u017ed\u00fd den n\u011bjak\u00fd \u010das mimo klec. To znamen\u00e1, \u017ee budete muset m\u00edt trochu trp\u011blivosti, kdy\u017e bude krou\u017eit po m\u00edstnosti, a pros\u00edm, nechejte pros\u00edm okna a dve\u0159e zav\u0159en\u00e9, dokud t\u00edm bude zanepr\u00e1zdn\u011bn. Pt\u00e1\u010dek mus\u00ed b\u00fdt po celou dobu, kdy si cvi\u010den\u00ed u\u017e\u00edv\u00e1, pod dohledem, proto\u017ee by mohl spadnout za n\u00e1bytek a zranit se.2. Va\u0161e korela\u00a0m\u00e1 tak\u00e9 emocion\u00e1ln\u00ed pot\u0159eby.Korely jsou spole\u010den\u0161t\u00ed pt\u00e1ci, \u017eij\u00ed v hejnu. Pokud si pl\u00e1nujete po\u0159\u00eddit jednoho pt\u00e1ka, uv\u011bdomte si, \u017ee korely maj\u00ed emo\u010dn\u00ed inteligenci dvoulet\u00e9ho \u010dlov\u011bka \u2013 to znamen\u00e1, \u017ee je pot\u0159ebn\u00fd!Se sv\u00fdm mazl\u00ed\u010dkem budete muset str\u00e1vit ka\u017ed\u00fd den alespo\u0148 dv\u011b hodiny. Neznamen\u00e1 to, \u017ee se s n\u00edm budete muset dv\u011b hodiny poflakovat, ale alespo\u0148 b\u00fdt v jeho t\u011bsn\u00e9 bl\u00edzkosti po tu dobu, bude se s v\u00e1mi sna\u017eit komunikovat a sd\u011blovat v\u00e1m sv\u00e9 pot\u0159eby. M\u016f\u017eete poslouchat hudbu, \u010d\u00edst mu nahlas nebo s n\u00edm jen mluvit. Pt\u00e1\u010dek si na v\u00e1s r\u00e1d sedne a bude se d\u00edvat, jak d\u011bl\u00e1te sv\u00e9 dom\u00e1c\u00ed pr\u00e1ce nebo se jen chlad\u00edte.Pokud jste zanepr\u00e1zdn\u011bn\u00fd \u010dlov\u011bk, kter\u00fd se vrac\u00ed dom\u016f pozd\u011b z pr\u00e1ce, j\u00ed\u00a0 a p\u0159itom sleduje novinky na Netflixu a pak jde sp\u00e1t, pak budete m\u00edt opravdu depresivn\u00ed korelu s probl\u00e9my s chov\u00e1n\u00edm a nakonec i zdravotn\u00edmi probl\u00e9my.3. Maj\u00ed tendenci \u017e\u00edt dlouho.P\u0159i spr\u00e1vn\u00e9 p\u00e9\u010di mohou korely dos\u00e1hnout a\u017e 14 let. To je dlouh\u00e1 doba. Po\u010d\u00edtejte s t\u00edm, \u017ee korela se s v\u00e1mi opravdu spoj\u00ed a bude m\u00edt probl\u00e9my s adaptac\u00ed na nov\u00e9 prost\u0159ed\u00ed a na nov\u00e9ho \u010dlov\u011bka. Pokud se nem\u016f\u017eete zav\u00e1zat k p\u00e9\u010di o pt\u00e1\u010dka alespo\u0148 7-10 let, tak si ho prost\u011b nekupujte. Kupte si roztomilou malou my\u0161.4. Maj\u00ed probl\u00e9my s chov\u00e1n\u00edm.Korely r\u00e1dy zp\u00edvaj\u00ed a vokalizuj\u00ed, budou se sna\u017eit komunikovat s pt\u00e1ky venku a jako ka\u017ed\u00fd jin\u00fd pt\u00e1k budou obzvl\u00e1\u0161t\u011b hlu\u010dn\u00e9 r\u00e1no a ve\u010der. M\u011bla jsem korelu 4 roky a moji soused\u00e9 se m\u00e1lem zbl\u00e1znili.                                                                                                                                                                                                                                                                                                                                                                                        4\/5 - (1 vote)        "},{"@context":"https:\/\/schema.org\/","@type":"BreadcrumbList","itemListElement":[{"@type":"ListItem","position":1,"name":"Korely nejsou pro ka\u017ed\u00e9ho","item":"https:\/\/www.ilonaf.cz\/korely-nejsou-pro-kazdeho\/#breadcrumbitem"}]}]