[{"@context":"https:\/\/schema.org\/","@type":"Article","@id":"https:\/\/www.ilonaf.cz\/koupe-bazenu\/#Article","mainEntityOfPage":"https:\/\/www.ilonaf.cz\/koupe-bazenu\/","headline":"Koup\u011b baz\u00e9nu","name":"Koup\u011b baz\u00e9nu","description":"Pamatuji si, jak jsme s p\u0159\u00edtelem nev\u011bd\u011bli, jak\u00fd baz\u00e9n si dom\u016f po\u0159\u00edd\u00edme. Bylo to na\u0161e prvn\u00ed spole\u010dn\u00e9 bydlen\u00ed. Zmi\u0148uji a zv\u00fdraz\u0148uji prvn\u00ed bydlen\u00ed, proto\u017ee opravdu hodn\u011b m\u00fdch kamar\u00e1dek anebo kamar\u00e1d\u016f u\u017e m\u011blo tolik bydlen\u00ed, \u017ee bych to mo\u017en\u00e1 ani nespo\u010d\u00edtala. Nap\u0159\u00edklad t\u0159eba m\u016fj bratr. Kdy\u017e si na\u0161el http:\/\/www.extra.cz\/pes-nasel-hlavu-miminka-a-prinesl-ji-domu-diteti-ji-pravdepodobne-odrizla-vlastni-matka p\u0159\u00edtelkyni, tak asi po dvou m\u011bs\u00edc\u00edch sezn\u00e1men\u00ed \u0161li spolu bydlet. Jenom\u017ee pak [&hellip;]","datePublished":"2022-08-21","dateModified":"2023-05-01","author":{"@type":"Person","@id":"https:\/\/www.ilonaf.cz\/author\/devene\/#Person","name":"devene","url":"https:\/\/www.ilonaf.cz\/author\/devene\/","identifier":1,"image":{"@type":"ImageObject","@id":"https:\/\/secure.gravatar.com\/avatar\/1fd5b20daa9a47a1102459a7c733d369075d8cc724ab489feb8ed72c657d346e?s=96&d=mm&r=g","url":"https:\/\/secure.gravatar.com\/avatar\/1fd5b20daa9a47a1102459a7c733d369075d8cc724ab489feb8ed72c657d346e?s=96&d=mm&r=g","height":96,"width":96}},"publisher":{"@type":"Organization","name":"ilonaf.cz","logo":{"@type":"ImageObject","@id":"\/logo.png","url":"\/logo.png","width":600,"height":60}},"image":{"@type":"ImageObject","@id":"https:\/\/www.ilonaf.cz\/wp-content\/uploads\/summer-1188595_960_720.jpg","url":"https:\/\/www.ilonaf.cz\/wp-content\/uploads\/summer-1188595_960_720.jpg","height":0,"width":0},"url":"https:\/\/www.ilonaf.cz\/koupe-bazenu\/","about":["Produkty"],"wordCount":448,"articleBody":"            Pamatuji si, jak jsme s p\u0159\u00edtelem nev\u011bd\u011bli, jak\u00fd baz\u00e9n si dom\u016f po\u0159\u00edd\u00edme. Bylo to na\u0161e prvn\u00ed spole\u010dn\u00e9 bydlen\u00ed. Zmi\u0148uji a zv\u00fdraz\u0148uji prvn\u00ed bydlen\u00ed, proto\u017ee opravdu hodn\u011b m\u00fdch kamar\u00e1dek anebo kamar\u00e1d\u016f u\u017e m\u011blo tolik bydlen\u00ed, \u017ee bych to mo\u017en\u00e1 ani nespo\u010d\u00edtala. Nap\u0159\u00edklad t\u0159eba m\u016fj bratr. Kdy\u017e si na\u0161el  http:\/\/www.extra.cz\/pes-nasel-hlavu-miminka-a-prinesl-ji-domu-diteti-ji-pravdepodobne-odrizla-vlastni-matka p\u0159\u00edtelkyni, tak asi po dvou m\u011bs\u00edc\u00edch sezn\u00e1men\u00ed \u0161li spolu bydlet. Jenom\u017ee pak se zat\u00edm asi \u010dty\u0159ikr\u00e1t roze\u0161li, tak\u017ee ka\u017ed\u00fd bydlel s\u00e1m n\u011bkde jinde. Mysl\u00edm si, \u017ee \u010dlov\u011bk si m\u00e1 b\u00fdt prvn\u011b jist\u00fd.  Potom se dali do kupy, aby byli zase spolu. St\u011bhovali se prost\u011b asi \u010dty\u0159ikr\u00e1t a j\u00e1 si mysl\u00edm, \u017ee to opravdu zbyte\u010dn\u00e9. My s p\u0159\u00edtelem jsme se nast\u011bhovali do \u00fapln\u011b nov\u00e9ho domku. Kter\u00fd jsme si vzali na hypot\u00e9ku a cht\u011bli jsme si sv\u00e9 bydlen\u00ed opravdu co nejl\u00e9pe za\u0159\u00eddit a u\u017e\u00edvat si ho. A tak jsme si s p\u0159\u00edtelem \u0159ekli, \u017ee si taky samoz\u0159ejm\u011b po\u0159\u00edd\u00edme n\u011bjak\u00fd baz\u00e9n. Necht\u011bli jsme sice nic velk\u00e9ho a ok\u00e1zal\u00e9ho. Sice jsme m\u011bli kr\u00e1snou v\u00ed\u0159ivou vanu, kter\u00e1 n\u00e1s st\u00e1la opravdu hodn\u011b pen\u011bz, tak jsme si \u0159ekli, \u017ee si po\u0159\u00edd\u00edme n\u011bjak\u00fd baz\u00e9n, kter\u00fd nebude drah\u00fd. Ale kter\u00fd bude levn\u00fd, abychom vy\u0161li s pen\u011bzi.   A p\u0159em\u00fd\u0161leli jsme, \u017ee si koup\u00edme levn\u00fd zapu\u0161t\u011bn\u00fd baz\u00e9n, proto\u017ee chceme taky \u0161et\u0159it. Nemus\u00edme m\u00edt p\u0159eci v\u0161echno drah\u00e9. Nel\u00edb\u00ed se mi, kdy\u017e n\u011bkdo chce hlavn\u011b to, aby cena byla opravdu vysok\u00e1, aby se vy\u0161vihli. To m\u011b a p\u0159\u00edteli sta\u010d\u00ed levn\u00fd zapu\u0161t\u011bn\u00fd baz\u00e9n Bazenygluc. Proto\u017ee levn\u00fd zapu\u0161t\u011bn\u00fd baz\u00e9n je takov\u00fd, \u017ee kdy\u017e se mi t\u0159eba nap\u0159\u00edklad rozbije anebo se s t\u00edm baz\u00e9nem n\u011bco stane, tak m\u011b to nebude tak mrzet, jako kdybych za ten baz\u00e9n d\u00e1vala deseti tis\u00edce korun. Mysl\u00edm si, \u017ee je to dobr\u00e1 \u00favaha, proto\u017ee nev\u00edm, jak n\u00e1\u0161 pes bude reagovat na to, \u017ee na zahrad\u011b je n\u011bjak\u00fd zapu\u0161t\u011bn\u00fd baz\u00e9n. Proto\u017ee kdy\u017e jsme tehdy m\u011bli je\u0161t\u011b oby\u010dejn\u00fd plastov\u00fd baz\u00e9n, tak n\u00e1m ho pes zni\u010dil. Tak\u017ee se budeme s p\u0159\u00edtelem skoro modlit, aby si n\u00e1\u0161 pes zvyknul na nov\u00fd baz\u00e9n a nech\u00e1 ho b\u00fdt.                                                                                                                                                                                                                                                                                                                                                                                           4.3\/5 - (6 votes)        "},{"@context":"https:\/\/schema.org\/","@type":"BreadcrumbList","itemListElement":[{"@type":"ListItem","position":1,"name":"Koup\u011b baz\u00e9nu","item":"https:\/\/www.ilonaf.cz\/koupe-bazenu\/#breadcrumbitem"}]}]