[{"@context":"https:\/\/schema.org\/","@type":"Article","@id":"https:\/\/www.ilonaf.cz\/moda-ve-skole\/#Article","mainEntityOfPage":"https:\/\/www.ilonaf.cz\/moda-ve-skole\/","headline":"M\u00f3da ve \u0161kole","name":"M\u00f3da ve \u0161kole","description":"V&Aring;&frac34;dycky jsem m&Auml;&#8250;la r&Atilde;&iexcl;da m&Atilde;&sup3;du, ale nebylo tomu tak v&Aring;&frac34;dycky. J&Atilde;&iexcl; jsem je&Aring;&iexcl;t&Auml;&#8250; jako asi patn&Atilde;&iexcl;ctilet&Atilde;&iexcl; holka v&Aring;&macr;bec nev&Auml;&#8250;d&Auml;&#8250;la, &Aring;&frac34;e n&Auml;&#8250;co je v&Aring;&macr;bec modern&Atilde;&shy;ho, proto&Aring;&frac34;e u n&Atilde;&iexcl;s doma se o tom v&Aring;&macr;bec nemluvilo. A v&Auml;&#8250;&Aring;&#8482;te mi, &Aring;&frac34;e kdy&Aring;&frac34; vyr&Aring;&macr;st&Atilde;&iexcl;te a vlastn&Auml;&#8250; dosp&Atilde;&shy;v&Atilde;&iexcl;te na vesnici, kde jsou v&Auml;&#8250;t&Aring;&iexcl;inou sam&Atilde;&shy; d&Aring;&macr;chodci a nebo &Atilde;&ordm;pln&Auml;&#8250; mal&Atilde;&copy; d&Auml;&#8250;ti, kdy&Aring;&frac34; se tam p&Aring;&#8482;ist&Auml;&#8250;hovaly nov&Atilde;&copy; rodiny, [&hellip;]","datePublished":"2023-08-28","dateModified":"2024-03-28","author":{"@type":"Person","@id":"https:\/\/www.ilonaf.cz\/author\/devene\/#Person","name":"devene","url":"https:\/\/www.ilonaf.cz\/author\/devene\/","identifier":1,"image":{"@type":"ImageObject","@id":"https:\/\/secure.gravatar.com\/avatar\/1fd5b20daa9a47a1102459a7c733d369075d8cc724ab489feb8ed72c657d346e?s=96&d=mm&r=g","url":"https:\/\/secure.gravatar.com\/avatar\/1fd5b20daa9a47a1102459a7c733d369075d8cc724ab489feb8ed72c657d346e?s=96&d=mm&r=g","height":96,"width":96}},"publisher":{"@type":"Organization","name":"ilonaf.cz","logo":{"@type":"ImageObject","@id":"\/logo.png","url":"\/logo.png","width":600,"height":60}},"image":{"@type":"ImageObject","@id":"https:\/\/www.ilonaf.cz\/wp-content\/uploads\/woman-6010051_1280.jpg","url":"https:\/\/www.ilonaf.cz\/wp-content\/uploads\/woman-6010051_1280.jpg","height":0,"width":0},"url":"https:\/\/www.ilonaf.cz\/moda-ve-skole\/","about":["M\u00f3da"],"wordCount":750,"articleBody":"V&Aring;&frac34;dycky jsem m&Auml;&#8250;la r&Atilde;&iexcl;da m&Atilde;&sup3;du, ale nebylo tomu tak v&Aring;&frac34;dycky. J&Atilde;&iexcl; jsem je&Aring;&iexcl;t&Auml;&#8250; jako asi patn&Atilde;&iexcl;ctilet&Atilde;&iexcl; holka v&Aring;&macr;bec nev&Auml;&#8250;d&Auml;&#8250;la, &Aring;&frac34;e n&Auml;&#8250;co je v&Aring;&macr;bec modern&Atilde;&shy;ho, proto&Aring;&frac34;e u n&Atilde;&iexcl;s doma se o tom v&Aring;&macr;bec nemluvilo. A v&Auml;&#8250;&Aring;&#8482;te mi, &Aring;&frac34;e kdy&Aring;&frac34; vyr&Aring;&macr;st&Atilde;&iexcl;te a vlastn&Auml;&#8250; dosp&Atilde;&shy;v&Atilde;&iexcl;te na vesnici, kde jsou v&Auml;&#8250;t&Aring;&iexcl;inou sam&Atilde;&shy; d&Aring;&macr;chodci a nebo &Atilde;&ordm;pln&Auml;&#8250; mal&Atilde;&copy; d&Auml;&#8250;ti, kdy&Aring;&frac34; se tam p&Aring;&#8482;ist&Auml;&#8250;hovaly nov&Atilde;&copy; rodiny, tak jednozna&Auml;n&Auml;&#8250; ani o m&Atilde;&sup3;du asi nem&Atilde;&iexcl;te v&Aring;&macr;bec z&Atilde;&iexcl;jem. J&Atilde;&iexcl; jsem sice chodila do &Aring;&iexcl;koly.Ale tam zrovna byly takov&Atilde;&copy; d&Auml;&#8250;ti, kter&Atilde;&copy; se tak&Atilde;&copy; v&Aring;&macr;bec nezaj&Atilde;&shy;maly o m&Atilde;&sup3;du, ale tak na z&Atilde;&iexcl;kladn&Atilde;&shy; &Aring;&iexcl;kole se to d&Atilde;&iexcl; pochopit, &Aring;&frac34;e na z&Atilde;&iexcl;kladn&Atilde;&shy; &Aring;&iexcl;kole nikdo asi nebude &Aring;&#8482;e&Aring;&iexcl;it m&Atilde;&sup3;du, ov&Aring;&iexcl;em ale &Aring;&#8482;e&Aring;&iexcl;ily&Acirc;&nbsp;se tam hlavn&Auml;&#8250; m&Atilde;&sup3;da takov&Atilde;&iexcl;, kdo m&Auml;&#8250;l nejnov&Auml;&#8250;j&Aring;&iexcl;&Atilde;&shy; mobiln&Atilde;&shy; telefon a nebo hlavn&Auml;&#8250; nejnov&Auml;&#8250;j&Aring;&iexcl;&Atilde;&shy; k&Aring;&iexcl;iltovku, nev&Atilde;&shy;m&Acirc;&nbsp;pro&Auml;&Acirc;&nbsp;zrovna to byly k&Aring;&iexcl;iltovky, ale kdy&Aring;&frac34; jsem potom nastoupila na st&Aring;&#8482;edn&Atilde;&shy; &Aring;&iexcl;kolu s maturitou, tak tam se u&Aring;&frac34; &Aring;&#8482;e&Aring;&iexcl;ila m&Atilde;&sup3;da, jenom&Aring;&frac34;e j&Atilde;&iexcl; bohu&Aring;&frac34;el jsem v&Aring;&macr;bec netu&Aring;&iexcl;ila, co je modern&Atilde;&shy;, tak&Aring;&frac34;e jsem si potom nakupovala r&Aring;&macr;zn&Atilde;&copy; modern&Atilde;&shy; &Auml;asopisy a v&Auml;&#8250;&Aring;&#8482;te mi&Acirc;&nbsp;nebo ne, ale m&Auml;&#8250; m&Atilde;&sup3;da zaujala. Kdy&Aring;&frac34; jsem si po&Aring;&#8482;&Atilde;&shy;dila asi p&Atilde;&iexcl;t&Atilde;&frac12;&Acirc;&nbsp;modern&Atilde;&shy; &Auml;asopis, kter&Atilde;&frac12; se&Acirc;&nbsp;v&Auml;&#8250;noval m&Atilde;&sup3;d&Auml;&#8250; a kosmetice, tak jsem byla opravdu z toho paf. Opravdu v&Aring;&iexcl;echno m&Auml;&#8250; to bavilo, za&Auml;ala jsem tak&Atilde;&copy; koukat po r&Aring;&macr;zn&Atilde;&frac12;ch hydrata&Auml;n&Atilde;&shy;ch kr&Atilde;&copy;mech a nebo proti pigmentaci. U&Aring;&frac34; v patn&Atilde;&iexcl;cti letech jsem m&Auml;&#8250;la bohu&Aring;&frac34;el pigmentaci na obli&Auml;eji.A to vypadalo, jako kdybych tam m&Auml;&#8250;la n&Auml;&#8250;jak&Atilde;&copy; fleky a nebo vousy, tohle jsem bohu&Aring;&frac34;el m&Auml;&#8250;la po m&Atilde;&copy; mamince a tak&Atilde;&copy; babi&Auml;ce, kter&Atilde;&copy; tak&Atilde;&copy; velice na to trp&Auml;&#8250;ly. Hodn&Auml;&#8250; trp&Auml;&#8250;ly na pigmentov&Atilde;&copy; skvrny. V posledn&Atilde;&shy; dob&Auml;&#8250; jsem ale r&Atilde;&iexcl;da, &Aring;&frac34;e jsem si na&Aring;&iexcl;la partnera, kter&Atilde;&frac12; tak&Atilde;&copy; o sebe db&Atilde;&iexcl;. Moje sestra si na&Aring;&iexcl;la jednoho&Acirc;&nbsp;partnera, kter&Atilde;&frac12; o sob&Auml;&#8250; v&Aring;&macr;bec nepe&Auml;oval a moj&Atilde;&shy; sest&Aring;&#8482;e to vadilo. On pr&Atilde;&frac12; snad ani nev&Auml;&#8250;d&Auml;&#8250;l, co to je deodorant a nebo sprchov&Atilde;&frac12; gel, tak&Aring;&frac34;e sestra se s n&Atilde;&shy;m asi po p&Aring;&macr;l roce roze&Aring;&iexcl;la, proto&Aring;&frac34;e v&Aring;&macr;bec nesnesla, &Aring;&frac34;e jej&Atilde;&shy; partner se nezaj&Atilde;&shy;m&Atilde;&iexcl; o m&Atilde;&sup3;du a kosmetiku. Alespo&Aring;&#710; v tom nejmen&Aring;&iexcl;&Atilde;&shy;m.&Acirc;&nbsp;                                                                                                                                                                                                                                                                                                                                                                                        3.8\/5 - (11 votes)        "},{"@context":"https:\/\/schema.org\/","@type":"BreadcrumbList","itemListElement":[{"@type":"ListItem","position":1,"name":"M\u00f3da ve \u0161kole","item":"https:\/\/www.ilonaf.cz\/moda-ve-skole\/#breadcrumbitem"}]}]