[{"@context":"https:\/\/schema.org\/","@type":"Article","@id":"https:\/\/www.ilonaf.cz\/nespoutana-moda\/#Article","mainEntityOfPage":"https:\/\/www.ilonaf.cz\/nespoutana-moda\/","headline":"Nespoutan\u00e1 m\u00f3da","name":"Nespoutan\u00e1 m\u00f3da","description":"Ka\u017ed\u00e1 \u017eena miluje m\u00f3du. Nebo mi uka\u017ete na \u017eenu, kter\u00e1 m\u00f3du nem\u00e1 r\u00e1da nebo alespo\u0148\u00a0se o ni trochu nezaj\u00edm\u00e1. Abych pravdu \u0159ekla, tak nikoho takov\u00e9ho nezn\u00e1m, \u017ee by ka\u0161lal\u00a0na m\u00f3du nebo nesledoval n\u011bjak\u00e9 m\u00f3dn\u00ed trendy. Dokonce m\u00e1me v rodin\u011b i dva mu\u017ee, kte\u0159\u00ed sleduj\u00ed m\u00f3du opravdu hodn\u011b a d\u00e1vaj\u00ed si na sv\u00e9m\u00a0stylu hodn\u011b z\u00e1le\u017eet. N\u011bkomu se to m\u016f\u017ee zd\u00e1t i [&hellip;]","datePublished":"2022-03-22","dateModified":"2023-05-01","author":{"@type":"Person","@id":"https:\/\/www.ilonaf.cz\/author\/devene\/#Person","name":"devene","url":"https:\/\/www.ilonaf.cz\/author\/devene\/","identifier":1,"image":{"@type":"ImageObject","@id":"https:\/\/secure.gravatar.com\/avatar\/1fd5b20daa9a47a1102459a7c733d369075d8cc724ab489feb8ed72c657d346e?s=96&d=mm&r=g","url":"https:\/\/secure.gravatar.com\/avatar\/1fd5b20daa9a47a1102459a7c733d369075d8cc724ab489feb8ed72c657d346e?s=96&d=mm&r=g","height":96,"width":96}},"publisher":{"@type":"Organization","name":"ilonaf.cz","logo":{"@type":"ImageObject","@id":"\/logo.png","url":"\/logo.png","width":600,"height":60}},"image":{"@type":"ImageObject","@id":"https:\/\/www.ilonaf.cz\/wp-content\/uploads\/woman-2377742_640_2.jpg","url":"https:\/\/www.ilonaf.cz\/wp-content\/uploads\/woman-2377742_640_2.jpg","height":0,"width":0},"url":"https:\/\/www.ilonaf.cz\/nespoutana-moda\/","about":["M\u00f3da"],"wordCount":492,"articleBody":"Ka\u017ed\u00e1 \u017eena miluje m\u00f3du. Nebo mi uka\u017ete na \u017eenu, kter\u00e1 m\u00f3du nem\u00e1 r\u00e1da nebo alespo\u0148\u00a0se o ni trochu nezaj\u00edm\u00e1. Abych pravdu \u0159ekla, tak nikoho takov\u00e9ho nezn\u00e1m, \u017ee by ka\u0161lal\u00a0na m\u00f3du nebo nesledoval n\u011bjak\u00e9 m\u00f3dn\u00ed trendy. Dokonce m\u00e1me v rodin\u011b i dva mu\u017ee, kte\u0159\u00ed sleduj\u00ed m\u00f3du opravdu hodn\u011b a d\u00e1vaj\u00ed si na sv\u00e9m\u00a0stylu hodn\u011b z\u00e1le\u017eet. N\u011bkomu se to m\u016f\u017ee zd\u00e1t i v\u00e1\u017en\u011b dost nebo \u017ee to p\u0159eh\u00e1n\u011bj\u00ed, ale j\u00e1 si mysl\u00edm, \u017ee ne, \u017ee m\u00f3da je ka\u017ed\u00e9ho v\u011bc a z\u00e1le\u017e\u00ed jen na dan\u00e9m jedinci, jak se k m\u00f3d\u011b postav\u00ed. J\u00e1 taky pat\u0159\u00edm k t\u011bm \u017een\u00e1m, co sleduj\u00ed m\u00f3du a m\u00f3dn\u00ed trendy. A to ne jenom m\u00e1lo, ale sleduji to ve velk\u00e9m a hodn\u011b. Bav\u00ed m\u011b to a m\u00f3da je vlastn\u011b i mou sou\u010d\u00e1st\u00ed. M\u00f3du m\u00e1m velmi r\u00e1da a neboj\u00edm se v n\u00ed ani experimentovat.\u00a0To m\u011b na m\u00f3d\u011b taky velmi bav\u00ed. \u017de se nemus\u00edm dr\u017eet pravidel, m\u016f\u017eu poru\u0161ovat m\u00f3dn\u00ed pravidla a nehroz\u00ed mi za to \u017e\u00e1dn\u00fd trest.Nap\u0159\u00edklad\u00a0kdo by nem\u011bl r\u00e1d k \u0161at\u016fm pohodln\u00e9 tenisky a skv\u011blou kabelku? J\u00e1 to miluji. I kdy\u017e se pr\u00fd k \u0161at\u016fm velmi hod\u00ed lodi\u010dky, j\u00e1 k nim m\u00e1m r\u00e1da elegantn\u00ed b\u00edl\u00e9 ko\u017een\u00e9 tenisky. Nev\u00edm pro\u010d, ale vystihuje to m\u011b, je to m\u016fj styl. Taky moc r\u00e1da nos\u00edm m\u00f3dn\u00ed saka. Jsem velmi r\u00e1da, \u017ee posledn\u00ed roky jdou saka zp\u011bt do m\u00f3dy. J\u00e1 je sice nos\u00edm snad cel\u00fd \u017eivot, a to v r\u016fzn\u00fdch barv\u00e1ch. Doma m\u00e1m jak klasick\u00e9 \u010dern\u00e9 sako, tak i b\u00edl\u00e9. M\u00e1m i fialov\u00e9 a \u010derven\u00e9 a zat\u00edm se v\u0161em l\u00edb\u00ed. I m\u00fdm p\u0159\u00e1tel\u016fm se moc l\u00edb\u00ed, \u017ee se nedr\u017e\u00edm striktn\u011b pravidel m\u00f3dy, ale \u017ee si taky ud\u011bl\u00e1m n\u011bco podle sebe.\u00a0M\u00e1m r\u00e1da, kdy\u017e n\u011b\u010d\u00edm zaujmu. V m\u00f3d\u011b to tak i m\u00e1 b\u00fdt, m\u00f3da nem\u00e1 b\u00fdt monot\u00f3nn\u00ed nebo nudn\u00e1. Tak\u017ee je sp\u00ed\u0161e podle m\u011b lep\u0161\u00ed n\u011bkoho m\u00f3dou \u0161okovat, ne\u017e aby si v\u00e1s n\u011bkdo nev\u0161iml, \u017ee m\u00e1te hodn\u011b nudn\u00fd vohoz. U m\u011b se to st\u00e1t nem\u016f\u017ee, proto\u017ee nos\u00edm r\u00e1da v\u00fdrazn\u00e9 \u0161\u00e1tky kolem pasu nebo na hlav\u011b. Mysl\u00edm, \u017ee ka\u017ed\u00e1 \u017eena by m\u011bla m\u00edt sv\u016fj m\u00f3dn\u00ed trik a taky pozn\u00e1vac\u00ed znamen\u00ed. Moje m\u00f3dn\u00ed pozn\u00e1vac\u00ed znamen\u00ed je, \u017ee p\u0159ekvapuji a \u0161okuji. Bav\u00ed m\u011b to a j\u00e1 v\u00edm jist\u011b, \u017ee s t\u00edm rozhodn\u011b nikdy neskon\u010d\u00edm. Byla by to nuda.\u00a0                                                                                                                                                                                                                                                                                                                                                                                        4.7\/5 - (6 votes)        "},{"@context":"https:\/\/schema.org\/","@type":"BreadcrumbList","itemListElement":[{"@type":"ListItem","position":1,"name":"Nespoutan\u00e1 m\u00f3da","item":"https:\/\/www.ilonaf.cz\/nespoutana-moda\/#breadcrumbitem"}]}]