[{"@context":"https:\/\/schema.org\/","@type":"Blog","@id":"https:\/\/www.ilonaf.cz#Blog","headline":"Ilonaf","description":"\nInternetov\u00e9 str\u00e1nky maj\u00ed notn\u011b r\u016fznou \u00farove\u0148. Je tu \u0161pi\u010dkov\u00e1 kvalita stejn\u011b jako bezcenn\u00fd brak. A my jsme py\u0161n\u00ed, \u017ee pat\u0159\u00edme mezi ty py\u0161n\u00edc\u00ed se kvalitou.","url":"https:\/\/www.ilonaf.cz","hasPart":[{"@type":"Article","@id":"https:\/\/www.ilonaf.cz\/vas-volny-cas\/","headline":"V\u00e1\u0161 voln\u00fd \u010das","url":"https:\/\/www.ilonaf.cz\/vas-volny-cas\/","datePublished":"2021-09-15","dateModified":"2023-05-01","mainEntityOfPage":"https:\/\/www.ilonaf.cz\/vas-volny-cas\/","author":{"@type":"Person","@id":"https:\/\/www.ilonaf.cz\/author\/devene\/#Person","name":"devene","url":"https:\/\/www.ilonaf.cz\/author\/devene\/","identifier":1,"image":{"@type":"ImageObject","@id":"https:\/\/secure.gravatar.com\/avatar\/1fd5b20daa9a47a1102459a7c733d369075d8cc724ab489feb8ed72c657d346e?s=96&d=mm&r=g","url":"https:\/\/secure.gravatar.com\/avatar\/1fd5b20daa9a47a1102459a7c733d369075d8cc724ab489feb8ed72c657d346e?s=96&d=mm&r=g","height":96,"width":96}},"publisher":{"@type":"Organization","name":"ilonaf.cz","logo":{"@type":"ImageObject","@id":"\/logo.png","url":"\/logo.png","width":600,"height":60}},"image":{"@type":"ImageObject","@id":"https:\/\/www.ilonaf.cz\/wp-content\/uploads\/kolob%C4%9B%C5%BEka.jpg","url":"https:\/\/www.ilonaf.cz\/wp-content\/uploads\/kolob%C4%9B%C5%BEka.jpg","height":0,"width":0},"wordCount":580,"keywords":null},{"@type":"Article","@id":"https:\/\/www.ilonaf.cz\/problemy-na-ktere-doma-muzete-kdykoliv-narazit-s-cim-si-poradite-a-kdy-uz-je-treba-volat-odborniky\/","headline":"Probl\u00e9my, na kter\u00e9 doma m\u016f\u017eete kdykoliv narazit &#8211; S \u010d\u00edm si porad\u00edte a kdy u\u017e je t\u0159eba volat odborn\u00edky?","url":"https:\/\/www.ilonaf.cz\/problemy-na-ktere-doma-muzete-kdykoliv-narazit-s-cim-si-poradite-a-kdy-uz-je-treba-volat-odborniky\/","datePublished":"2021-09-10","dateModified":"2023-05-01","mainEntityOfPage":"https:\/\/www.ilonaf.cz\/problemy-na-ktere-doma-muzete-kdykoliv-narazit-s-cim-si-poradite-a-kdy-uz-je-treba-volat-odborniky\/","author":{"@type":"Person","@id":"https:\/\/www.ilonaf.cz\/author\/devene\/#Person","name":"devene","url":"https:\/\/www.ilonaf.cz\/author\/devene\/","identifier":1,"image":{"@type":"ImageObject","@id":"https:\/\/secure.gravatar.com\/avatar\/1fd5b20daa9a47a1102459a7c733d369075d8cc724ab489feb8ed72c657d346e?s=96&d=mm&r=g","url":"https:\/\/secure.gravatar.com\/avatar\/1fd5b20daa9a47a1102459a7c733d369075d8cc724ab489feb8ed72c657d346e?s=96&d=mm&r=g","height":96,"width":96}},"publisher":{"@type":"Organization","name":"ilonaf.cz","logo":{"@type":"ImageObject","@id":"\/logo.png","url":"\/logo.png","width":600,"height":60}},"image":{"@type":"ImageObject","@id":"https:\/\/www.ilonaf.cz\/wp-content\/uploads\/pexels-photo-8487370.jpeg","url":"https:\/\/www.ilonaf.cz\/wp-content\/uploads\/pexels-photo-8487370.jpeg","height":0,"width":0},"wordCount":708,"keywords":null},{"@type":"Article","@id":"https:\/\/www.ilonaf.cz\/solarni-zahradni-sprcha-prispiva-k-uvolneni-a-regeneraci-organismu\/","headline":"Sol\u00e1rn\u00ed zahradn\u00ed sprcha p\u0159isp\u00edv\u00e1 k uvoln\u011bn\u00ed a regeneraci organismu","url":"https:\/\/www.ilonaf.cz\/solarni-zahradni-sprcha-prispiva-k-uvolneni-a-regeneraci-organismu\/","datePublished":"2021-08-29","dateModified":"2023-05-01","mainEntityOfPage":"https:\/\/www.ilonaf.cz\/solarni-zahradni-sprcha-prispiva-k-uvolneni-a-regeneraci-organismu\/","author":{"@type":"Person","@id":"https:\/\/www.ilonaf.cz\/author\/devene\/#Person","name":"devene","url":"https:\/\/www.ilonaf.cz\/author\/devene\/","identifier":1,"image":{"@type":"ImageObject","@id":"https:\/\/secure.gravatar.com\/avatar\/1fd5b20daa9a47a1102459a7c733d369075d8cc724ab489feb8ed72c657d346e?s=96&d=mm&r=g","url":"https:\/\/secure.gravatar.com\/avatar\/1fd5b20daa9a47a1102459a7c733d369075d8cc724ab489feb8ed72c657d346e?s=96&d=mm&r=g","height":96,"width":96}},"publisher":{"@type":"Organization","name":"ilonaf.cz","logo":{"@type":"ImageObject","@id":"\/logo.png","url":"\/logo.png","width":600,"height":60}},"image":{"@type":"ImageObject","@id":"https:\/\/www.ilonaf.cz\/wp-content\/uploads\/sprchuj%C3%ADc%C3%AD%20se%20d%C3%ADvka.jpg","url":"https:\/\/www.ilonaf.cz\/wp-content\/uploads\/sprchuj%C3%ADc%C3%AD%20se%20d%C3%ADvka.jpg","height":0,"width":0},"wordCount":567,"keywords":null},{"@type":"Article","@id":"https:\/\/www.ilonaf.cz\/aranzovani-kvetin-a-floristicke-potreby\/","headline":"Aran\u017eov\u00e1n\u00ed kv\u011btin a floristick\u00e9 pot\u0159eby","url":"https:\/\/www.ilonaf.cz\/aranzovani-kvetin-a-floristicke-potreby\/","datePublished":"2021-04-14","dateModified":"2023-05-01","mainEntityOfPage":"https:\/\/www.ilonaf.cz\/aranzovani-kvetin-a-floristicke-potreby\/","author":{"@type":"Person","@id":"https:\/\/www.ilonaf.cz\/author\/devene\/#Person","name":"devene","url":"https:\/\/www.ilonaf.cz\/author\/devene\/","identifier":1,"image":{"@type":"ImageObject","@id":"https:\/\/secure.gravatar.com\/avatar\/1fd5b20daa9a47a1102459a7c733d369075d8cc724ab489feb8ed72c657d346e?s=96&d=mm&r=g","url":"https:\/\/secure.gravatar.com\/avatar\/1fd5b20daa9a47a1102459a7c733d369075d8cc724ab489feb8ed72c657d346e?s=96&d=mm&r=g","height":96,"width":96}},"publisher":{"@type":"Organization","name":"ilonaf.cz","logo":{"@type":"ImageObject","@id":"\/logo.png","url":"\/logo.png","width":600,"height":60}},"image":{"@type":"ImageObject","@id":"https:\/\/www.ilonaf.cz\/wp-content\/uploads\/kv%C4%9Btiny%20aran%C5%BEov%C3%A1n%C3%AD.jpeg","url":"https:\/\/www.ilonaf.cz\/wp-content\/uploads\/kv%C4%9Btiny%20aran%C5%BEov%C3%A1n%C3%AD.jpeg","height":0,"width":0},"wordCount":624,"keywords":null},{"@type":"Article","@id":"https:\/\/www.ilonaf.cz\/stehuji-se-za-praci-do-zahranici\/","headline":"St\u011bhuji se za prac\u00ed do zahrani\u010d\u00ed","url":"https:\/\/www.ilonaf.cz\/stehuji-se-za-praci-do-zahranici\/","datePublished":"2021-03-20","dateModified":"2023-09-19","mainEntityOfPage":"https:\/\/www.ilonaf.cz\/stehuji-se-za-praci-do-zahranici\/","author":{"@type":"Person","@id":"https:\/\/www.ilonaf.cz\/author\/devene\/#Person","name":"devene","url":"https:\/\/www.ilonaf.cz\/author\/devene\/","identifier":1,"image":{"@type":"ImageObject","@id":"https:\/\/secure.gravatar.com\/avatar\/1fd5b20daa9a47a1102459a7c733d369075d8cc724ab489feb8ed72c657d346e?s=96&d=mm&r=g","url":"https:\/\/secure.gravatar.com\/avatar\/1fd5b20daa9a47a1102459a7c733d369075d8cc724ab489feb8ed72c657d346e?s=96&d=mm&r=g","height":96,"width":96}},"publisher":{"@type":"Organization","name":"ilonaf.cz","logo":{"@type":"ImageObject","@id":"\/logo.png","url":"\/logo.png","width":600,"height":60}},"image":{"@type":"ImageObject","@id":"https:\/\/www.ilonaf.cz\/wp-content\/uploads\/man-597178_640.jpg","url":"https:\/\/www.ilonaf.cz\/wp-content\/uploads\/man-597178_640.jpg","height":0,"width":0},"wordCount":607,"keywords":null},{"@type":"Article","@id":"https:\/\/www.ilonaf.cz\/nase-nadherne-zeny-vas-dokazi-po-dlouhe-praci-uvolnit\/","headline":"Na\u0161e n\u00e1dhern\u00e9 \u017eeny v\u00e1s dok\u00e1\u017e\u00ed po dlouh\u00e9 pr\u00e1ci uvolnit","url":"https:\/\/www.ilonaf.cz\/nase-nadherne-zeny-vas-dokazi-po-dlouhe-praci-uvolnit\/","datePublished":"2021-01-16","dateModified":"2023-05-01","mainEntityOfPage":"https:\/\/www.ilonaf.cz\/nase-nadherne-zeny-vas-dokazi-po-dlouhe-praci-uvolnit\/","author":{"@type":"Person","@id":"https:\/\/www.ilonaf.cz\/author\/devene\/#Person","name":"devene","url":"https:\/\/www.ilonaf.cz\/author\/devene\/","identifier":1,"image":{"@type":"ImageObject","@id":"https:\/\/secure.gravatar.com\/avatar\/1fd5b20daa9a47a1102459a7c733d369075d8cc724ab489feb8ed72c657d346e?s=96&d=mm&r=g","url":"https:\/\/secure.gravatar.com\/avatar\/1fd5b20daa9a47a1102459a7c733d369075d8cc724ab489feb8ed72c657d346e?s=96&d=mm&r=g","height":96,"width":96}},"publisher":{"@type":"Organization","name":"ilonaf.cz","logo":{"@type":"ImageObject","@id":"\/logo.png","url":"\/logo.png","width":600,"height":60}},"image":{"@type":"ImageObject","@id":"https:\/\/www.ilonaf.cz\/wp-content\/uploads\/Erotick%C3%BD%20salon.jpg","url":"https:\/\/www.ilonaf.cz\/wp-content\/uploads\/Erotick%C3%BD%20salon.jpg","height":0,"width":0},"wordCount":811,"keywords":null},{"@type":"Article","@id":"https:\/\/www.ilonaf.cz\/dobry-pristup-v-domacnosti\/","headline":"Dobr\u00fd p\u0159\u00edstup v dom\u00e1cnosti","url":"https:\/\/www.ilonaf.cz\/dobry-pristup-v-domacnosti\/","datePublished":"2020-11-24","dateModified":"2020-11-24","mainEntityOfPage":"https:\/\/www.ilonaf.cz\/dobry-pristup-v-domacnosti\/","author":{"@type":"Person","@id":"https:\/\/www.ilonaf.cz\/author\/devene\/#Person","name":"devene","url":"https:\/\/www.ilonaf.cz\/author\/devene\/","identifier":1,"image":{"@type":"ImageObject","@id":"https:\/\/secure.gravatar.com\/avatar\/1fd5b20daa9a47a1102459a7c733d369075d8cc724ab489feb8ed72c657d346e?s=96&d=mm&r=g","url":"https:\/\/secure.gravatar.com\/avatar\/1fd5b20daa9a47a1102459a7c733d369075d8cc724ab489feb8ed72c657d346e?s=96&d=mm&r=g","height":96,"width":96}},"publisher":{"@type":"Organization","name":"ilonaf.cz","logo":{"@type":"ImageObject","@id":"\/logo.png","url":"\/logo.png","width":600,"height":60}},"image":{"@type":"ImageObject","@id":"https:\/\/www.ilonaf.cz\/wp-content\/uploads\/bezbarierov%C3%BD%20p%C5%99%C3%ADstup.jpg","url":"https:\/\/www.ilonaf.cz\/wp-content\/uploads\/bezbarierov%C3%BD%20p%C5%99%C3%ADstup.jpg","height":0,"width":0},"wordCount":744,"keywords":null},{"@type":"Article","@id":"https:\/\/www.ilonaf.cz\/je-vhodne-poridit-choditko-pro-deti\/","headline":"Je vhodn\u00e9 po\u0159\u00eddit chod\u00edtko pro d\u011bti?","url":"https:\/\/www.ilonaf.cz\/je-vhodne-poridit-choditko-pro-deti\/","datePublished":"2020-11-16","dateModified":"2023-05-01","mainEntityOfPage":"https:\/\/www.ilonaf.cz\/je-vhodne-poridit-choditko-pro-deti\/","author":{"@type":"Person","@id":"https:\/\/www.ilonaf.cz\/author\/devene\/#Person","name":"devene","url":"https:\/\/www.ilonaf.cz\/author\/devene\/","identifier":1,"image":{"@type":"ImageObject","@id":"https:\/\/secure.gravatar.com\/avatar\/1fd5b20daa9a47a1102459a7c733d369075d8cc724ab489feb8ed72c657d346e?s=96&d=mm&r=g","url":"https:\/\/secure.gravatar.com\/avatar\/1fd5b20daa9a47a1102459a7c733d369075d8cc724ab489feb8ed72c657d346e?s=96&d=mm&r=g","height":96,"width":96}},"publisher":{"@type":"Organization","name":"ilonaf.cz","logo":{"@type":"ImageObject","@id":"\/logo.png","url":"\/logo.png","width":600,"height":60}},"image":{"@type":"ImageObject","@id":"https:\/\/www.ilonaf.cz\/wp-content\/uploads\/choditko3_8.jpg","url":"https:\/\/www.ilonaf.cz\/wp-content\/uploads\/choditko3_8.jpg","height":0,"width":0},"wordCount":577,"keywords":null},{"@type":"Article","@id":"https:\/\/www.ilonaf.cz\/vhodnou-stravou-k-lepsimu-telu\/","headline":"Vhodnou stravou k lep\u0161\u00edmu t\u011blu","url":"https:\/\/www.ilonaf.cz\/vhodnou-stravou-k-lepsimu-telu\/","datePublished":"2020-11-16","dateModified":"2020-11-16","mainEntityOfPage":"https:\/\/www.ilonaf.cz\/vhodnou-stravou-k-lepsimu-telu\/","author":{"@type":"Person","@id":"https:\/\/www.ilonaf.cz\/author\/devene\/#Person","name":"devene","url":"https:\/\/www.ilonaf.cz\/author\/devene\/","identifier":1,"image":{"@type":"ImageObject","@id":"https:\/\/secure.gravatar.com\/avatar\/1fd5b20daa9a47a1102459a7c733d369075d8cc724ab489feb8ed72c657d346e?s=96&d=mm&r=g","url":"https:\/\/secure.gravatar.com\/avatar\/1fd5b20daa9a47a1102459a7c733d369075d8cc724ab489feb8ed72c657d346e?s=96&d=mm&r=g","height":96,"width":96}},"publisher":{"@type":"Organization","name":"ilonaf.cz","logo":{"@type":"ImageObject","@id":"\/logo.png","url":"\/logo.png","width":600,"height":60}},"image":{"@type":"ImageObject","@id":"https:\/\/www.ilonaf.cz\/wp-content\/uploads\/Brokolice_1.jpg","url":"https:\/\/www.ilonaf.cz\/wp-content\/uploads\/Brokolice_1.jpg","height":0,"width":0},"wordCount":605,"keywords":null},{"@type":"Article","@id":"https:\/\/www.ilonaf.cz\/grafika-ostrava\/","headline":"Grafika Ostrava","url":"https:\/\/www.ilonaf.cz\/grafika-ostrava\/","datePublished":"2020-10-29","dateModified":"2023-05-01","mainEntityOfPage":"https:\/\/www.ilonaf.cz\/grafika-ostrava\/","author":{"@type":"Person","@id":"https:\/\/www.ilonaf.cz\/author\/devene\/#Person","name":"devene","url":"https:\/\/www.ilonaf.cz\/author\/devene\/","identifier":1,"image":{"@type":"ImageObject","@id":"https:\/\/secure.gravatar.com\/avatar\/1fd5b20daa9a47a1102459a7c733d369075d8cc724ab489feb8ed72c657d346e?s=96&d=mm&r=g","url":"https:\/\/secure.gravatar.com\/avatar\/1fd5b20daa9a47a1102459a7c733d369075d8cc724ab489feb8ed72c657d346e?s=96&d=mm&r=g","height":96,"width":96}},"publisher":{"@type":"Organization","name":"ilonaf.cz","logo":{"@type":"ImageObject","@id":"\/logo.png","url":"\/logo.png","width":600,"height":60}},"image":{"@type":"ImageObject","@id":"https:\/\/www.ilonaf.cz\/wp-content\/uploads\/m%C4%9Bsto%20Ostrava_1.png","url":"https:\/\/www.ilonaf.cz\/wp-content\/uploads\/m%C4%9Bsto%20Ostrava_1.png","height":0,"width":0},"wordCount":743,"keywords":null}]},{"@context":"https:\/\/schema.org","@type":"WebSite","@id":"https:\/\/www.ilonaf.cz\/#website","name":"Ilonaf","url":"https:\/\/www.ilonaf.cz","potentialAction":{"@type":"SearchAction","target":"https:\/\/www.ilonaf.cz\/?s={search_term_string}","query-input":"required name=search_term_string"}}]