[{"@context":"https:\/\/schema.org\/","@type":"Blog","@id":"https:\/\/www.ilonaf.cz#Blog","headline":"Ilonaf","description":"\nInternetov\u00e9 str\u00e1nky maj\u00ed notn\u011b r\u016fznou \u00farove\u0148. Je tu \u0161pi\u010dkov\u00e1 kvalita stejn\u011b jako bezcenn\u00fd brak. A my jsme py\u0161n\u00ed, \u017ee pat\u0159\u00edme mezi ty py\u0161n\u00edc\u00ed se kvalitou.","url":"https:\/\/www.ilonaf.cz","hasPart":[{"@type":"Article","@id":"https:\/\/www.ilonaf.cz\/jak-se-v-bazenu-zajisti-kristalove-cista-voda\/","headline":"Jak se v baz\u00e9nu zajist\u00ed k\u0159i\u0161\u0165\u00e1lov\u011b \u010dist\u00e1 voda","url":"https:\/\/www.ilonaf.cz\/jak-se-v-bazenu-zajisti-kristalove-cista-voda\/","datePublished":"2025-11-03","dateModified":"2025-11-03","mainEntityOfPage":"https:\/\/www.ilonaf.cz\/jak-se-v-bazenu-zajisti-kristalove-cista-voda\/","author":{"@type":"Person","@id":"https:\/\/www.ilonaf.cz\/author\/devene\/#Person","name":"devene","url":"https:\/\/www.ilonaf.cz\/author\/devene\/","identifier":1,"image":{"@type":"ImageObject","@id":"https:\/\/secure.gravatar.com\/avatar\/1fd5b20daa9a47a1102459a7c733d369075d8cc724ab489feb8ed72c657d346e?s=96&d=mm&r=g","url":"https:\/\/secure.gravatar.com\/avatar\/1fd5b20daa9a47a1102459a7c733d369075d8cc724ab489feb8ed72c657d346e?s=96&d=mm&r=g","height":96,"width":96}},"publisher":{"@type":"Organization","name":"ilonaf.cz","logo":{"@type":"ImageObject","@id":"\/logo.png","url":"\/logo.png","width":600,"height":60}},"image":{"@type":"ImageObject","@id":"https:\/\/www.ilonaf.cz\/wp-content\/uploads\/ducklings-9715532_640.jpg","url":"https:\/\/www.ilonaf.cz\/wp-content\/uploads\/ducklings-9715532_640.jpg","height":0,"width":0},"wordCount":528,"keywords":null},{"@type":"Article","@id":"https:\/\/www.ilonaf.cz\/mate-zajem-o-deratizaci\/","headline":"M\u00e1te z\u00e1jem o deratizaci?","url":"https:\/\/www.ilonaf.cz\/mate-zajem-o-deratizaci\/","datePublished":"2025-10-20","dateModified":"2025-10-20","mainEntityOfPage":"https:\/\/www.ilonaf.cz\/mate-zajem-o-deratizaci\/","author":{"@type":"Person","@id":"https:\/\/www.ilonaf.cz\/author\/devene\/#Person","name":"devene","url":"https:\/\/www.ilonaf.cz\/author\/devene\/","identifier":1,"image":{"@type":"ImageObject","@id":"https:\/\/secure.gravatar.com\/avatar\/1fd5b20daa9a47a1102459a7c733d369075d8cc724ab489feb8ed72c657d346e?s=96&d=mm&r=g","url":"https:\/\/secure.gravatar.com\/avatar\/1fd5b20daa9a47a1102459a7c733d369075d8cc724ab489feb8ed72c657d346e?s=96&d=mm&r=g","height":96,"width":96}},"publisher":{"@type":"Organization","name":"ilonaf.cz","logo":{"@type":"ImageObject","@id":"\/logo.png","url":"\/logo.png","width":600,"height":60}},"image":{"@type":"ImageObject","@id":"https:\/\/www.ilonaf.cz\/wp-content\/uploads\/mm_10_10_10_10_8.jpg","url":"https:\/\/www.ilonaf.cz\/wp-content\/uploads\/mm_10_10_10_10_8.jpg","height":0,"width":0},"wordCount":628,"keywords":null},{"@type":"Article","@id":"https:\/\/www.ilonaf.cz\/jaky-charakter-ma-japonska-akita-inu\/","headline":"Jak\u00fd charakter m\u00e1 japonsk\u00e1 akita inu","url":"https:\/\/www.ilonaf.cz\/jaky-charakter-ma-japonska-akita-inu\/","datePublished":"2025-09-07","dateModified":"2025-09-07","mainEntityOfPage":"https:\/\/www.ilonaf.cz\/jaky-charakter-ma-japonska-akita-inu\/","author":{"@type":"Person","@id":"https:\/\/www.ilonaf.cz\/author\/devene\/#Person","name":"devene","url":"https:\/\/www.ilonaf.cz\/author\/devene\/","identifier":1,"image":{"@type":"ImageObject","@id":"https:\/\/secure.gravatar.com\/avatar\/1fd5b20daa9a47a1102459a7c733d369075d8cc724ab489feb8ed72c657d346e?s=96&d=mm&r=g","url":"https:\/\/secure.gravatar.com\/avatar\/1fd5b20daa9a47a1102459a7c733d369075d8cc724ab489feb8ed72c657d346e?s=96&d=mm&r=g","height":96,"width":96}},"publisher":{"@type":"Organization","name":"ilonaf.cz","logo":{"@type":"ImageObject","@id":"\/logo.png","url":"\/logo.png","width":600,"height":60}},"image":{"@type":"ImageObject","@id":"https:\/\/www.ilonaf.cz\/wp-content\/uploads\/akita2_10_1.jpg","url":"https:\/\/www.ilonaf.cz\/wp-content\/uploads\/akita2_10_1.jpg","height":0,"width":0},"wordCount":573,"keywords":null},{"@type":"Article","@id":"https:\/\/www.ilonaf.cz\/napoj-ktery-nadchne-kazdeho\/","headline":"N\u00e1poj, kter\u00fd nadchne ka\u017ed\u00e9ho","url":"https:\/\/www.ilonaf.cz\/napoj-ktery-nadchne-kazdeho\/","datePublished":"2025-08-25","dateModified":"2025-08-25","mainEntityOfPage":"https:\/\/www.ilonaf.cz\/napoj-ktery-nadchne-kazdeho\/","author":{"@type":"Person","@id":"https:\/\/www.ilonaf.cz\/author\/devene\/#Person","name":"devene","url":"https:\/\/www.ilonaf.cz\/author\/devene\/","identifier":1,"image":{"@type":"ImageObject","@id":"https:\/\/secure.gravatar.com\/avatar\/1fd5b20daa9a47a1102459a7c733d369075d8cc724ab489feb8ed72c657d346e?s=96&d=mm&r=g","url":"https:\/\/secure.gravatar.com\/avatar\/1fd5b20daa9a47a1102459a7c733d369075d8cc724ab489feb8ed72c657d346e?s=96&d=mm&r=g","height":96,"width":96}},"publisher":{"@type":"Organization","name":"ilonaf.cz","logo":{"@type":"ImageObject","@id":"\/logo.png","url":"\/logo.png","width":600,"height":60}},"image":null,"wordCount":272,"keywords":null},{"@type":"Article","@id":"https:\/\/www.ilonaf.cz\/hledate-jednu-z-nejlepsich-online-her\/","headline":"Hled\u00e1te jednu z nejlep\u0161\u00edch online her?","url":"https:\/\/www.ilonaf.cz\/hledate-jednu-z-nejlepsich-online-her\/","datePublished":"2025-08-18","dateModified":"2025-08-18","mainEntityOfPage":"https:\/\/www.ilonaf.cz\/hledate-jednu-z-nejlepsich-online-her\/","author":{"@type":"Person","@id":"https:\/\/www.ilonaf.cz\/author\/devene\/#Person","name":"devene","url":"https:\/\/www.ilonaf.cz\/author\/devene\/","identifier":1,"image":{"@type":"ImageObject","@id":"https:\/\/secure.gravatar.com\/avatar\/1fd5b20daa9a47a1102459a7c733d369075d8cc724ab489feb8ed72c657d346e?s=96&d=mm&r=g","url":"https:\/\/secure.gravatar.com\/avatar\/1fd5b20daa9a47a1102459a7c733d369075d8cc724ab489feb8ed72c657d346e?s=96&d=mm&r=g","height":96,"width":96}},"publisher":{"@type":"Organization","name":"ilonaf.cz","logo":{"@type":"ImageObject","@id":"\/logo.png","url":"\/logo.png","width":600,"height":60}},"image":null,"wordCount":217,"keywords":null},{"@type":"Article","@id":"https:\/\/www.ilonaf.cz\/meli-jsme-pejska\/","headline":"M\u011bli jsme pejska","url":"https:\/\/www.ilonaf.cz\/meli-jsme-pejska\/","datePublished":"2025-08-17","dateModified":"2025-08-17","mainEntityOfPage":"https:\/\/www.ilonaf.cz\/meli-jsme-pejska\/","author":{"@type":"Person","@id":"https:\/\/www.ilonaf.cz\/author\/devene\/#Person","name":"devene","url":"https:\/\/www.ilonaf.cz\/author\/devene\/","identifier":1,"image":{"@type":"ImageObject","@id":"https:\/\/secure.gravatar.com\/avatar\/1fd5b20daa9a47a1102459a7c733d369075d8cc724ab489feb8ed72c657d346e?s=96&d=mm&r=g","url":"https:\/\/secure.gravatar.com\/avatar\/1fd5b20daa9a47a1102459a7c733d369075d8cc724ab489feb8ed72c657d346e?s=96&d=mm&r=g","height":96,"width":96}},"publisher":{"@type":"Organization","name":"ilonaf.cz","logo":{"@type":"ImageObject","@id":"\/logo.png","url":"\/logo.png","width":600,"height":60}},"image":{"@type":"ImageObject","@id":"https:\/\/www.ilonaf.cz\/wp-content\/uploads\/australian-shepherd-3237735_640.jpg","url":"https:\/\/www.ilonaf.cz\/wp-content\/uploads\/australian-shepherd-3237735_640.jpg","height":0,"width":0},"wordCount":567,"keywords":null},{"@type":"Article","@id":"https:\/\/www.ilonaf.cz\/reseni-na-kazde-okno\/","headline":"\u0158e\u0161en\u00ed na ka\u017ed\u00e9 okno","url":"https:\/\/www.ilonaf.cz\/reseni-na-kazde-okno\/","datePublished":"2025-08-16","dateModified":"2025-08-16","mainEntityOfPage":"https:\/\/www.ilonaf.cz\/reseni-na-kazde-okno\/","author":{"@type":"Person","@id":"https:\/\/www.ilonaf.cz\/author\/devene\/#Person","name":"devene","url":"https:\/\/www.ilonaf.cz\/author\/devene\/","identifier":1,"image":{"@type":"ImageObject","@id":"https:\/\/secure.gravatar.com\/avatar\/1fd5b20daa9a47a1102459a7c733d369075d8cc724ab489feb8ed72c657d346e?s=96&d=mm&r=g","url":"https:\/\/secure.gravatar.com\/avatar\/1fd5b20daa9a47a1102459a7c733d369075d8cc724ab489feb8ed72c657d346e?s=96&d=mm&r=g","height":96,"width":96}},"publisher":{"@type":"Organization","name":"ilonaf.cz","logo":{"@type":"ImageObject","@id":"\/logo.png","url":"\/logo.png","width":600,"height":60}},"image":null,"wordCount":221,"keywords":null},{"@type":"Article","@id":"https:\/\/www.ilonaf.cz\/vyberte-si-to-cim-budete-prochazet\/","headline":"Vyberte si to, \u010d\u00edm budete proch\u00e1zet","url":"https:\/\/www.ilonaf.cz\/vyberte-si-to-cim-budete-prochazet\/","datePublished":"2025-08-05","dateModified":"2025-08-05","mainEntityOfPage":"https:\/\/www.ilonaf.cz\/vyberte-si-to-cim-budete-prochazet\/","author":{"@type":"Person","@id":"https:\/\/www.ilonaf.cz\/author\/devene\/#Person","name":"devene","url":"https:\/\/www.ilonaf.cz\/author\/devene\/","identifier":1,"image":{"@type":"ImageObject","@id":"https:\/\/secure.gravatar.com\/avatar\/1fd5b20daa9a47a1102459a7c733d369075d8cc724ab489feb8ed72c657d346e?s=96&d=mm&r=g","url":"https:\/\/secure.gravatar.com\/avatar\/1fd5b20daa9a47a1102459a7c733d369075d8cc724ab489feb8ed72c657d346e?s=96&d=mm&r=g","height":96,"width":96}},"publisher":{"@type":"Organization","name":"ilonaf.cz","logo":{"@type":"ImageObject","@id":"\/logo.png","url":"\/logo.png","width":600,"height":60}},"image":null,"wordCount":211,"keywords":null},{"@type":"Article","@id":"https:\/\/www.ilonaf.cz\/dejte-prednost-venkovnim-stinitkum\/","headline":"Dejte p\u0159ednost venkovn\u00edm st\u00edn\u00edtk\u016fm","url":"https:\/\/www.ilonaf.cz\/dejte-prednost-venkovnim-stinitkum\/","datePublished":"2025-07-30","dateModified":"2025-07-30","mainEntityOfPage":"https:\/\/www.ilonaf.cz\/dejte-prednost-venkovnim-stinitkum\/","author":{"@type":"Person","@id":"https:\/\/www.ilonaf.cz\/author\/devene\/#Person","name":"devene","url":"https:\/\/www.ilonaf.cz\/author\/devene\/","identifier":1,"image":{"@type":"ImageObject","@id":"https:\/\/secure.gravatar.com\/avatar\/1fd5b20daa9a47a1102459a7c733d369075d8cc724ab489feb8ed72c657d346e?s=96&d=mm&r=g","url":"https:\/\/secure.gravatar.com\/avatar\/1fd5b20daa9a47a1102459a7c733d369075d8cc724ab489feb8ed72c657d346e?s=96&d=mm&r=g","height":96,"width":96}},"publisher":{"@type":"Organization","name":"ilonaf.cz","logo":{"@type":"ImageObject","@id":"\/logo.png","url":"\/logo.png","width":600,"height":60}},"image":null,"wordCount":208,"keywords":null},{"@type":"Article","@id":"https:\/\/www.ilonaf.cz\/pripominka\/","headline":"P\u0159ipom\u00ednka","url":"https:\/\/www.ilonaf.cz\/pripominka\/","datePublished":"2025-07-26","dateModified":"2025-07-26","mainEntityOfPage":"https:\/\/www.ilonaf.cz\/pripominka\/","author":{"@type":"Person","@id":"https:\/\/www.ilonaf.cz\/author\/devene\/#Person","name":"devene","url":"https:\/\/www.ilonaf.cz\/author\/devene\/","identifier":1,"image":{"@type":"ImageObject","@id":"https:\/\/secure.gravatar.com\/avatar\/1fd5b20daa9a47a1102459a7c733d369075d8cc724ab489feb8ed72c657d346e?s=96&d=mm&r=g","url":"https:\/\/secure.gravatar.com\/avatar\/1fd5b20daa9a47a1102459a7c733d369075d8cc724ab489feb8ed72c657d346e?s=96&d=mm&r=g","height":96,"width":96}},"publisher":{"@type":"Organization","name":"ilonaf.cz","logo":{"@type":"ImageObject","@id":"\/logo.png","url":"\/logo.png","width":600,"height":60}},"image":null,"wordCount":227,"keywords":null}]},{"@context":"https:\/\/schema.org","@type":"WebSite","@id":"https:\/\/www.ilonaf.cz\/#website","name":"Ilonaf","url":"https:\/\/www.ilonaf.cz","potentialAction":{"@type":"SearchAction","target":"https:\/\/www.ilonaf.cz\/?s={search_term_string}","query-input":"required name=search_term_string"}}]