[{"@context":"https:\/\/schema.org\/","@type":"Article","@id":"https:\/\/www.ilonaf.cz\/podpora-vlasu-nehtu-kuze-a-kloubu\/#Article","mainEntityOfPage":"https:\/\/www.ilonaf.cz\/podpora-vlasu-nehtu-kuze-a-kloubu\/","headline":"Podpora vlas\u016f, neht\u016f, k\u016f\u017ee a kloub\u016f","name":"Podpora vlas\u016f, neht\u016f, k\u016f\u017ee a kloub\u016f","description":"N\u011bkdy i p\u0159esto, \u017ee dodr\u017eujete zdrav\u00fd \u017eivotn\u00ed styl, tak m\u016f\u017ee doch\u00e1zet ke zdravotn\u00edm probl\u00e9m\u016fm. Ka\u017ed\u00e9 t\u011blo je jin\u00e9, origin\u00e1ln\u00ed a pot\u0159ebuje n\u011bkdy n\u011b\u010deho v\u00edce a n\u011b\u010deho m\u00e9n\u011b oproti dan\u00fdm norm\u00e1m. Tak\u00e9 v r\u016fzn\u00fdch etap\u00e1ch \u017eivota, ka\u017ed\u00e9 t\u011blo m\u016f\u017ee vy\u017eadovat n\u011bco jin\u00e9ho. Tak\u017ee i kdy\u017e si mysl\u00edte, \u017ee \u017eijete zdrav\u011b, tak i tak va\u0161emu t\u011blu m\u016f\u017ee n\u011bco chyb\u011bt, co\u017e se m\u016f\u017ee [&hellip;]","datePublished":"2022-05-23","dateModified":"2023-05-01","author":{"@type":"Person","@id":"https:\/\/www.ilonaf.cz\/author\/devene\/#Person","name":"devene","url":"https:\/\/www.ilonaf.cz\/author\/devene\/","identifier":1,"image":{"@type":"ImageObject","@id":"https:\/\/secure.gravatar.com\/avatar\/1fd5b20daa9a47a1102459a7c733d369075d8cc724ab489feb8ed72c657d346e?s=96&d=mm&r=g","url":"https:\/\/secure.gravatar.com\/avatar\/1fd5b20daa9a47a1102459a7c733d369075d8cc724ab489feb8ed72c657d346e?s=96&d=mm&r=g","height":96,"width":96}},"publisher":{"@type":"Organization","name":"ilonaf.cz","logo":{"@type":"ImageObject","@id":"\/logo.png","url":"\/logo.png","width":600,"height":60}},"image":{"@type":"ImageObject","@id":"https:\/\/www.ilonaf.cz\/wp-content\/uploads\/woman-gd24d647d2_640.jpg","url":"https:\/\/www.ilonaf.cz\/wp-content\/uploads\/woman-gd24d647d2_640.jpg","height":0,"width":0},"url":"https:\/\/www.ilonaf.cz\/podpora-vlasu-nehtu-kuze-a-kloubu\/","about":["Produkty"],"wordCount":459,"articleBody":"   N\u011bkdy i p\u0159esto, \u017ee dodr\u017eujete zdrav\u00fd \u017eivotn\u00ed styl, tak m\u016f\u017ee doch\u00e1zet ke zdravotn\u00edm probl\u00e9m\u016fm. Ka\u017ed\u00e9 t\u011blo je jin\u00e9, origin\u00e1ln\u00ed a pot\u0159ebuje n\u011bkdy n\u011b\u010deho v\u00edce a n\u011b\u010deho m\u00e9n\u011b oproti dan\u00fdm norm\u00e1m. Tak\u00e9 v r\u016fzn\u00fdch etap\u00e1ch \u017eivota, ka\u017ed\u00e9 t\u011blo m\u016f\u017ee vy\u017eadovat n\u011bco jin\u00e9ho. Tak\u017ee i kdy\u017e si mysl\u00edte, \u017ee \u017eijete zdrav\u011b, tak i tak va\u0161emu t\u011blu m\u016f\u017ee n\u011bco chyb\u011bt, co\u017e se m\u016f\u017ee projevit v podob\u011b r\u016fzn\u00fdch onemocn\u011bn\u00ed, \u00fanavy, bolesti kloub\u016f, probl\u00e9my s vlasy, nehty a k\u016f\u017e\u00ed.Pak je mo\u017en\u00e9 s\u00e1hnout tak\u00e9 po dopl\u0148c\u00edch stravy. Po r\u016fzn\u00fdch nemoc\u00edch je t\u0159eba dobr\u00e9 doplnit vitam\u00edny. Tak\u00e9 jako prevence je dobr\u00e9 br\u00e1t vitam\u00edn C a D a t\u00edm podpo\u0159it imunitn\u00ed syst\u00e9m. Ale nap\u0159\u00edklad po covidu \u010di jin\u00fdch onemocn\u011bn\u00ed mohou nastat probl\u00e9my s vypad\u00e1v\u00e1n\u00edm vlas\u016f a probl\u00e9m\u016fm s k\u016f\u017e\u00ed. Tak\u00e9 s p\u0159ib\u00fdvaj\u00edc\u00edm v\u011bkem se probl\u00e9my mohou zvy\u0161ovat. Na probl\u00e9my s k\u016f\u017e\u00ed, vlasy a nehty je velmi dobr\u00e9 br\u00e1t kolagen. Kolagen na vlasy pom\u016f\u017ee s jejich kvalitou, hustotou a tak\u00e9 je dobr\u00fdm pomocn\u00edkem p\u0159i vypad\u00e1v\u00e1n\u00ed vlas\u016f. Na tento probl\u00e9m se lid\u00e9 hodn\u011b st\u011b\u017euj\u00ed pr\u00e1v\u011b po prod\u011bl\u00e1n\u00ed covidu.Kolagen je tak\u00e9 dobr\u00fdm pomocn\u00edkem na k\u016f\u017ei. Pom\u016f\u017ee s jej\u00ed elasticitou, vyhlazuje vr\u00e1sky a pom\u00e1h\u00e1 p\u0159i boji s celulitidou. Tak\u00e9 podporuje r\u016fst neht\u016f a zlep\u0161uje jejich kvalitu. Nebudou se v\u00e1m l\u00e1mat a rychleji porostou. No a je t\u0159eba tak\u00e9 zm\u00ednit, \u017ee kolagen velmi ovliv\u0148uje stav kloub\u016f. Tak\u017ee i p\u0159i probl\u00e9mech s pohybov\u00fdm apar\u00e1tem, je velmi pot\u0159ebn\u00e9 doplnit kolagen. Tak\u017ee p\u0159i jeho pravideln\u00e9m pou\u017e\u00edv\u00e1n\u00ed uvid\u00edte vliv na v\u00edce \u00farovn\u00edch. Tak\u017ee kdy\u017e pou\u017eijete kolagen na vlasy, tak uvid\u00edte v\u00fdsledek nejenom na nich, ale i celkov\u011b na cel\u00e9m t\u011ble.C\u00edtit se dob\u0159e je velmi d\u016fle\u017eit\u00e9. M\u00edt p\u011bkn\u00e9, ale hlavn\u011b zdrav\u00e9 t\u011blo je snem mnoha \u017een. Tak\u017ee pokud c\u00edt\u00edte, \u017ee je t\u0159eba podpo\u0159it zdrav\u00ed, pak je mo\u017en\u00e9 zvolit i vhodn\u00e9 dopl\u0148ky stravy, kter\u00e9 se ze stravy z\u00edsk\u00e1vaj\u00ed h\u016f\u0159e anebo jen v mal\u00e9m mno\u017estv\u00ed. Po dopln\u011bn\u00ed pot\u0159ebn\u00fdch vitam\u00edn\u016f a miner\u00e1l\u016f bude t\u011blo zdrav\u011bj\u0161\u00ed, odoln\u011bj\u0161\u00ed a v\u00edce vit\u00e1ln\u00ed.                                                                                                                                                                                                                                                                                                                                                                                          3.7\/5 - (7 votes)        "},{"@context":"https:\/\/schema.org\/","@type":"BreadcrumbList","itemListElement":[{"@type":"ListItem","position":1,"name":"Podpora vlas\u016f, neht\u016f, k\u016f\u017ee a kloub\u016f","item":"https:\/\/www.ilonaf.cz\/podpora-vlasu-nehtu-kuze-a-kloubu\/#breadcrumbitem"}]}]