[{"@context":"https:\/\/schema.org\/","@type":"Article","@id":"https:\/\/www.ilonaf.cz\/v-obyvacim-pokoji-to-nejlepsi\/#Article","mainEntityOfPage":"https:\/\/www.ilonaf.cz\/v-obyvacim-pokoji-to-nejlepsi\/","headline":"V ob\u00fdvac\u00edm pokoji to nejlep\u0161\u00ed","name":"V ob\u00fdvac\u00edm pokoji to nejlep\u0161\u00ed","description":"Dlouho jste si \u0159\u00edkali, \u017ee byste m\u011bli n\u011bjak z\u00fatulnit dom\u00e1c\u00ed prost\u0159ed\u00ed? Cht\u011bli byste malou zm\u011bnu, kter\u00e1 by ale byla vid\u011bt na prvn\u00ed pohled a skute\u010dn\u011b by se v\u00e1m l\u00edbila? Pak pro v\u00e1s m\u00e1me opravdu skv\u011bl\u00fd n\u00e1pad. Jsou tu ty nejlep\u0161\u00ed lustry do ob\u00fdv\u00e1ku, kter\u00e9 dok\u00e1\u017e\u00ed skv\u011ble prom\u011bnit interi\u00e9r a z\u00e1rove\u0148 jej prosv\u011btlit tak, \u017ee bude a\u017e k nepozn\u00e1n\u00ed. Sv\u011btlo hraje [&hellip;]","datePublished":"2023-07-16","dateModified":"2023-07-16","author":{"@type":"Person","@id":"https:\/\/www.ilonaf.cz\/author\/devene\/#Person","name":"devene","url":"https:\/\/www.ilonaf.cz\/author\/devene\/","identifier":1,"image":{"@type":"ImageObject","@id":"https:\/\/secure.gravatar.com\/avatar\/1fd5b20daa9a47a1102459a7c733d369075d8cc724ab489feb8ed72c657d346e?s=96&d=mm&r=g","url":"https:\/\/secure.gravatar.com\/avatar\/1fd5b20daa9a47a1102459a7c733d369075d8cc724ab489feb8ed72c657d346e?s=96&d=mm&r=g","height":96,"width":96}},"publisher":{"@type":"Organization","name":"ilonaf.cz","logo":{"@type":"ImageObject","@id":"\/logo.png","url":"\/logo.png","width":600,"height":60}},"url":"https:\/\/www.ilonaf.cz\/v-obyvacim-pokoji-to-nejlepsi\/","wordCount":245,"articleBody":"Dlouho jste si \u0159\u00edkali, \u017ee byste m\u011bli n\u011bjak z\u00fatulnit dom\u00e1c\u00ed prost\u0159ed\u00ed? Cht\u011bli byste malou zm\u011bnu, kter\u00e1 by ale byla vid\u011bt na prvn\u00ed pohled a skute\u010dn\u011b by se v\u00e1m l\u00edbila? Pak pro v\u00e1s m\u00e1me opravdu skv\u011bl\u00fd n\u00e1pad. Jsou tu ty nejlep\u0161\u00ed lustry do ob\u00fdv\u00e1ku, kter\u00e9 dok\u00e1\u017e\u00ed skv\u011ble prom\u011bnit interi\u00e9r a z\u00e1rove\u0148 jej prosv\u011btlit tak, \u017ee bude a\u017e k nepozn\u00e1n\u00ed. Sv\u011btlo hraje v interi\u00e9ru skute\u010dn\u011b velkou roli, odv\u00edj\u00ed se od n\u011bj z\u00e1rove\u0148 odst\u00edn barev a mnoho dal\u0161\u00edho, tak\u017ee nev\u00e1hejte a vyberte si to nejlep\u0161\u00ed osv\u011btlen\u00ed, kter\u00e9 se v\u00e1m bude l\u00edbit jak designov\u011b, tak tak\u00e9 cenov\u011b. Kdybyste pot\u0159ebovali pomoci s v\u00fdb\u011brem \u010di cht\u011bli zn\u00e1t n\u011bjak\u00e9 podrobn\u00e9 parametry, kter\u00e9 nenaleznete u popisu v\u00fdrobku, ur\u010dit\u011b se na n\u00e1s obra\u0165te a my v\u00e1m r\u00e1di pom\u016f\u017eeme \u010di porad\u00edme.Sv\u011btlo jak se pat\u0159\u00edUvid\u00edte sami, \u017ee a\u017e nahl\u00e9dnete do na\u0161\u00ed nab\u00eddky, budete doslova osln\u011bn\u00ed t\u00edm, jak\u00e1 osv\u011btlen\u00ed jsou k dispozici. A\u0165 u\u017e m\u00e1te ob\u00fdvac\u00ed pokoj v jak\u00e9mkoli stylu, a\u0165 je sebev\u00edc modern\u00ed \u010di naopak tradi\u010dn\u00ed, ur\u010dit\u011b si vyberete to prav\u00e9 o\u0159echov\u00e9 z na\u0161\u00ed nab\u00eddky a budete tak spokojeni se sv\u011btlem ve sv\u00e9m interi\u00e9ru.                                                                                                                                                                                                                                                                                                                                                                                        4\/5 - (4 votes)        "},{"@context":"https:\/\/schema.org\/","@type":"BreadcrumbList","itemListElement":[{"@type":"ListItem","position":1,"name":"V ob\u00fdvac\u00edm pokoji to nejlep\u0161\u00ed","item":"https:\/\/www.ilonaf.cz\/v-obyvacim-pokoji-to-nejlepsi\/#breadcrumbitem"}]}]